{"id":514,"date":"2014-04-30T01:44:26","date_gmt":"2014-04-30T01:44:26","guid":{"rendered":"http:\/\/mayday-wien.org\/?p=514"},"modified":"2014-04-30T01:44:26","modified_gmt":"2014-04-30T01:44:26","slug":"route-und-demovorbereitung","status":"publish","type":"post","link":"https:\/\/mayday.jetzt\/index.php\/2014\/04\/30\/route-und-demovorbereitung\/","title":{"rendered":"Route und Demovorbereitung"},"content":{"rendered":"<p><strong>W\u00e4hrend der Demo<\/strong> &#8211; gibt es u.a. Informationen auf twitter via:<br \/>\n@MAYDAY_WIEN der account wird von der rechtshilfe (tweet mit #RH am anfang) &amp; von der demogruppe (tweet mit #demo am anfang) genutzt<br \/>\nVerwendete Schlagworte sind: #mayday14 #wien<br \/>\n#RH und #demo werden als quellenverweise verwendet, damit ihr wisst von wo die jeweiligen infos herkommen<br \/>\nDie Rechtshilfe ist ab 13h aktiv &#8211; Nummer wird dann vor Ort und online bekanntgegeben<\/p>\n<p><strong>Rechtliche Informationen <\/strong>und Dinge die gut sind sich vor einer Demo zu \u00fcberlegen\/ sich zu Informieren (wie Bezugsgruppen, Wasser mitnehmen, kein Alkohol, Aussage verweigern im Fall von Verhaftungen, was die Polizei darf, &#8230;)<br \/>\n<a title=\"Rechtinfokollektiv - Demo teilnahme\" href=\"http:\/\/at.rechtsinfokollektiv.org\/rechtsinfo\/demo-teilnahme\/\" target=\"_blank\">http:\/\/at.rechtsinfokollektiv.org\/rechtsinfo\/demo-teilnahme\/<\/a><\/p>\n<p><strong>Route:<\/strong><br \/>\n<em>Bei der Route gab es eine kleine \u00c4nderung die hier nicht angef\u00fchrt ist, sie betrifft den exakten Routenverlauf bei Getreidemarkt<\/em><\/p>\n<p>Sammlungsort: Columbusplatz; 1100-Wien<br \/>\nRoute: Colmbusplatz \u2192 Columbusgasse \u2192 rechts Landgutgasse \u2192 links Laxenburgerstra\u00dfe bis Hausnummer 18 \u2192 Fahbahnstreifenwechsel Laxeburgerstra\u00dfe zur\u00fcck \u2192 rechts Raaber-Bahn-Gasse \u2192 links Favoritenstra\u00dfe \u2192 rechts Landgutgasse \u2192 links Sonnwendgasse \u2192 rechts Laxenburgerstra\u00dfe \u2192 gerade S\u00fcdtirolerplatz\/Favoritenstra\u00dfe \u2192 rechts Belvederegasse \u2192 links Prinz-Eugen-Stra\u00dfe \u2192 links Pl\u00f6\u00dflgasse \u2192 rechts Argentinierstra\u00dfe \u2192 links Paniglgasse \u2192 gerade Schaurhofergasse \u2192 gerade Faulmanngasse \u2192 rechts Rechte Wienzeile \u2192 links Operngasse \u2192 links Getreidemarkt \u2192 rechts Babenbergerstra\u00dfe \u2192 rechts Nibelungengasse \u2192 rechts Operngasse \u2192 links Friedrichstra\u00dfe \u2192 rechts K\u00e4rntnerstra\u00dfe \u2192 links am Karlsplatz entlang \u2192 gerade Lothringerstra\u00dfe \u2192 links Johannesgasse \u2192 rechts Parkring bis h\u00f6he Weihburggasse rechts Einfahrt in Stadtpark dort Abschlusskundgebung auf betonierter Fl\u00e4che vor Johann Strau\u00df Denkmal<br \/>\nEndpunkt: Stadtpark<\/p>\n<p><strong>unterschiedliches Info-Material:<\/strong><br \/>\nJingle: unter https:\/\/cdn.anonfiles.com\/1398345084410.mp3 findet ihr den Jingle zur Parade &#8211; aus Copyright-Rechtlichen Gr\u00fcnden kann dieser nicht im Radio laufen, wir freuen uns \u00fcber Verbreitung auf anderen Wegen<br \/>\nFlyer: findet ihr auf der Homepage in Deutsch-Englisch und Deutsch-T\u00fcrkisch, sowie zum Abholen und Verteilen im \u00d6H B\u00fcro auf der Akademie der Bildenden K\u00fcnste<br \/>\nPlakat: findet sich auf der Homepage und ist ebenso auf der Bildenden abholbar, f\u00fcr gr\u00f6\u00dfere St\u00fcckzahl schreibt uns eine e-mail<br \/>\nInterview: In den Nachrichten auf Radio Orange gab es Freitag ein kurzes interview mit zwei Personen aus der organisierenden Gruppe <a href=\"http:\/\/cba.fro.at\/258261\" target=\"_blank\">http:\/\/cba.fro.at\/258261<\/a><\/p>\n","protected":false},"excerpt":{"rendered":"<p>W\u00e4hrend der Demo &#8211; gibt es u.a. Informationen auf twitter via: @MAYDAY_WIEN der account wird von der rechtshilfe (tweet mit #RH am anfang) &amp; von der demogruppe (tweet mit #demo am anfang) genutzt Verwendete Schlagworte sind: #mayday14 #wien #RH und #demo werden als quellenverweise verwendet, damit ihr wisst von wo die jeweiligen infos herkommen Die &hellip; <\/p>\n<p class=\"link-more\"><a href=\"https:\/\/mayday.jetzt\/index.php\/2014\/04\/30\/route-und-demovorbereitung\/\" class=\"more-link\"><span class=\"screen-reader-text\">\u201eRoute und Demovorbereitung\u201c<\/span> weiterlesen<\/a><\/p>\n","protected":false},"author":2,"featured_media":0,"comment_status":"closed","ping_status":"open","sticky":false,"template":"","format":"standard","meta":{"footnotes":""},"categories":[1],"tags":[],"class_list":["post-514","post","type-post","status-publish","format-standard","hentry","category-allgemein","entry"],"_links":{"self":[{"href":"https:\/\/mayday.jetzt\/index.php\/wp-json\/wp\/v2\/posts\/514","targetHints":{"allow":["GET"]}}],"collection":[{"href":"https:\/\/mayday.jetzt\/index.php\/wp-json\/wp\/v2\/posts"}],"about":[{"href":"https:\/\/mayday.jetzt\/index.php\/wp-json\/wp\/v2\/types\/post"}],"author":[{"embeddable":true,"href":"https:\/\/mayday.jetzt\/index.php\/wp-json\/wp\/v2\/users\/2"}],"replies":[{"embeddable":true,"href":"https:\/\/mayday.jetzt\/index.php\/wp-json\/wp\/v2\/comments?post=514"}],"version-history":[{"count":0,"href":"https:\/\/mayday.jetzt\/index.php\/wp-json\/wp\/v2\/posts\/514\/revisions"}],"wp:attachment":[{"href":"https:\/\/mayday.jetzt\/index.php\/wp-json\/wp\/v2\/media?parent=514"}],"wp:term":[{"taxonomy":"category","embeddable":true,"href":"https:\/\/mayday.jetzt\/index.php\/wp-json\/wp\/v2\/categories?post=514"},{"taxonomy":"post_tag","embeddable":true,"href":"https:\/\/mayday.jetzt\/index.php\/wp-json\/wp\/v2\/tags?post=514"}],"curies":[{"name":"wp","href":"https:\/\/api.w.org\/{rel}","templated":true}]}}