{"id":492,"date":"2014-03-14T22:13:50","date_gmt":"2014-03-14T22:13:50","guid":{"rendered":"http:\/\/mayday-wien.org\/?p=492"},"modified":"2014-03-14T22:13:50","modified_gmt":"2014-03-14T22:13:50","slug":"alles-fur-alle-und-wie-war-das-mit-recht-auf-stadt","status":"publish","type":"post","link":"https:\/\/mayday.jetzt\/index.php\/2014\/03\/14\/alles-fur-alle-und-wie-war-das-mit-recht-auf-stadt\/","title":{"rendered":"ALLES F\u00dcR ALLE! &#8211; und wie war das mit Recht auf Stadt?"},"content":{"rendered":"<p>MAYDAY MAYDAY!!<br \/>\n#################<br \/>\nALLES F\u00dcR ALLE! &#8211;<br \/>\nund wie war das mit Recht auf Stadt?<br \/>\n&gt; &gt; &gt; &gt; &gt; &gt; &gt; &gt; &gt; &gt; &gt; &gt; &gt; &gt; &gt; &gt; &gt; &gt;<br \/>\n01.05. 1st of MAY Treffpunkt 13h \/ 1pm. Columbusplatz<br \/>\n1100 &#8211; Wien \/ Vienna \/ B\u00e9cs \/ Dunaj \/ Wiede\u0144 \/ Viyana \/ Wenen<\/p>\n<p>&gt;&gt;&gt; Protest passiert nicht von alleine &#8211; bring dich ein!<\/p>\n<p>Fest steht f\u00fcr uns, dass es am 1.Mai erneut eine kollektive Demonstration quer durch die Stadt geben wird. Anhand verschiedener Stationen werden wir thematisieren warum es ALLES f\u00fcr ALLE geben soll. Wie h\u00e4ngt Wagenleben und die neuerliche Vedr\u00e4ngung der Wagenpl\u00e4tze mit den Geschehnissen rund um den Gezi Park zusammen? Was ist eigentlich CARE- Arbeit? Wie war das nochmal mit der Sperrzone und den Rechtsau\u00dfenstehenden die in der Hofburg feiern? Warum geht Repression alle etwas an? Wer profitiert von Verdr\u00e4ngung? Und was hat all das mit dem Recht auf Stadt zu tun?<\/p>\n<p>Lasst und gemeinsam Antworten auf diese Fragen finden und tragt dazu bei, dass die Parade auch organisatorisch Spa\u00df macht.<br \/>\nKomm zum n\u00e4chsten Koordinierungstreffen am 20.03.2014 &#8211; um 19:30 in der d3zentr4le (Akademie Bildende K\u00fcnste Wien, Schillerplatz 1-3, Raum e4 \u2013 N\u00e4he U4 Karlsplatz).<\/p>\n<p>Gerne k\u00f6nnt ihr auch unabh\u00e4ngig vom Koordinationstreffen Dinge\/Aktionen planen. Vielleicht hast du\/ habt ihr Lust Texte f\u00fcr den Reader oder Redebeitr\u00e4ge f\u00fcr die Parade zu schreiben? Oder gibt es Ideen f\u00fcr Dinge die unterwegs oder entlang der Route passieren k\u00f6nnen. Eine Band auf Lastenr\u00e4dern? Fronttranspi malen? Ein Kinderwagenblock? Ein Motiv f\u00fcr den Flyer oder das Plakat? Als Bezugsgruppe die Polizei beobachten? Auf Stelzen gehen? Info-Flyer f\u00fcr Pasant*innen? Eine mobile Zuckerwattefabrik? her damit &gt;&gt;&gt; ALLES f\u00fcr ALLE !<\/p>\n<p>&gt;&gt;&gt; Seit Jahren bieten die MAYDAY-Paraden einen fixen Bezugspunkt f\u00fcr Menschen die sich mit verschiedenen Aspekten prek\u00e4ren Lebens auseinandersetzen und davon betroffen sind. Durch das gemeinsame Raumnehmen mit der Demonstration\/Parade am Nachmittag des ersten Mai zeigen wir diese oft unsichtbaren Unsicherheiten auf. Klar ist, dieses Ereignis organisiert sich nicht von selbst. Auch wenn in den letzten Jahren immer mehr Personen am ersten Mai teilnahmen, w\u00fcnschen wir uns doch auch einen kr\u00e4ftigen Zuwachs f\u00fcr die organisatorische Arbeit, die oft ebenfalls unsichtbar bleibt, ohne die die Parade aber nicht stattfinden kann. Es scheint nicht vermessen, vom MAYDAY als soziale Bewegung mit internationaler Wirkung zu sprechen. Lasst uns gemeinsam die Route und den Treffpunkt \u00fcberlegen, verschiedene Stationen am Weg festmachen, uns \u00fcberlegen wie wir mit den Beh\u00f6rden und m\u00f6glicher Repression umgehen. Es gilt zu organisieren, Gruppen zu involvieren, Geld aufzustellen, Infomaterial zu produzieren. \u00dcber vielf\u00e4ltigste Beteiligung, auch nur in einzelnen Bereichen, freut sich die MAYDAY 14.<br \/>\nMehr zur MAYDAY 14 findet ihr (in K\u00fcrze) auf der Webseite: http:\/\/mayday-wien.org<\/p>\n<p>Bitte schickt diese Einladung auch an euch bekannte Listen und Personen!<\/p>\n","protected":false},"excerpt":{"rendered":"<p>MAYDAY MAYDAY!! ################# ALLES F\u00dcR ALLE! &#8211; und wie war das mit Recht auf Stadt? &gt; &gt; &gt; &gt; &gt; &gt; &gt; &gt; &gt; &gt; &gt; &gt; &gt; &gt; &gt; &gt; &gt; &gt; 01.05. 1st of MAY Treffpunkt 13h \/ 1pm. Columbusplatz 1100 &#8211; Wien \/ Vienna \/ B\u00e9cs \/ Dunaj \/ Wiede\u0144 \/ Viyana &hellip; <\/p>\n<p class=\"link-more\"><a href=\"https:\/\/mayday.jetzt\/index.php\/2014\/03\/14\/alles-fur-alle-und-wie-war-das-mit-recht-auf-stadt\/\" class=\"more-link\"><span class=\"screen-reader-text\">\u201eALLES F\u00dcR ALLE! &#8211; und wie war das mit Recht auf Stadt?\u201c<\/span> weiterlesen<\/a><\/p>\n","protected":false},"author":2,"featured_media":0,"comment_status":"closed","ping_status":"open","sticky":false,"template":"","format":"standard","meta":{"footnotes":""},"categories":[1,5],"tags":[],"class_list":["post-492","post","type-post","status-publish","format-standard","hentry","category-allgemein","category-termine","entry"],"_links":{"self":[{"href":"https:\/\/mayday.jetzt\/index.php\/wp-json\/wp\/v2\/posts\/492","targetHints":{"allow":["GET"]}}],"collection":[{"href":"https:\/\/mayday.jetzt\/index.php\/wp-json\/wp\/v2\/posts"}],"about":[{"href":"https:\/\/mayday.jetzt\/index.php\/wp-json\/wp\/v2\/types\/post"}],"author":[{"embeddable":true,"href":"https:\/\/mayday.jetzt\/index.php\/wp-json\/wp\/v2\/users\/2"}],"replies":[{"embeddable":true,"href":"https:\/\/mayday.jetzt\/index.php\/wp-json\/wp\/v2\/comments?post=492"}],"version-history":[{"count":0,"href":"https:\/\/mayday.jetzt\/index.php\/wp-json\/wp\/v2\/posts\/492\/revisions"}],"wp:attachment":[{"href":"https:\/\/mayday.jetzt\/index.php\/wp-json\/wp\/v2\/media?parent=492"}],"wp:term":[{"taxonomy":"category","embeddable":true,"href":"https:\/\/mayday.jetzt\/index.php\/wp-json\/wp\/v2\/categories?post=492"},{"taxonomy":"post_tag","embeddable":true,"href":"https:\/\/mayday.jetzt\/index.php\/wp-json\/wp\/v2\/tags?post=492"}],"curies":[{"name":"wp","href":"https:\/\/api.w.org\/{rel}","templated":true}]}}