{"id":489,"date":"2014-03-06T02:01:51","date_gmt":"2014-03-06T02:01:51","guid":{"rendered":"http:\/\/mayday-wien.org\/?p=489"},"modified":"2014-03-06T02:01:51","modified_gmt":"2014-03-06T02:01:51","slug":"mayday-14-vorbereitungstreffen","status":"publish","type":"post","link":"https:\/\/mayday.jetzt\/index.php\/2014\/03\/06\/mayday-14-vorbereitungstreffen\/","title":{"rendered":"MAYDAY 14 \u2013 vorbereitungstreffen"},"content":{"rendered":"<p>MAYDAY 14 \u2013 vorbereitungstreffen:<\/p>\n<p>Seit Jahren bieten die MAYDAY-Paraden einen fixen Bezugspunkt f\u00fcr Menschen die sich mit verschiedenen Aspekten prek\u00e4ren Lebens auseinandersetzen und davon betroffen sind. Durch das gemeinsame Raumnehmen mit der Demonstration\/Parade am Nachmittag des ersten Mai zeigen wir diese oft unsichtbaren Unsicherheiten auf. Klar ist, dieses Ereignis organisiert sich nicht von selbst. Auch wenn in den letzten Jahren immer mehr Personen am ersten Mai teilnahmen, w\u00fcnschen wir uns<br \/>\ndoch einen kr\u00e4ftigen Zuwachs f\u00fcr die organisatorische Arbeit, die oft ebenfalls unsichtbar bleibt, ohne der das Ereignis aber nicht stattfinden kann. Im Gro\u00dfen scheint es nicht vermessen, vom MAYDAY als von einer sozialen Bewegung mit internationaler Wirkung zu sprechen. Lasst uns gemeinsam die Route und den Treffpunkt \u00fcberlegen, verschiedene Stationen am Weg festmachen, uns \u00fcberlegen wie wir mit den Beh\u00f6rden und m\u00f6glicher Repression umgehen. Es gilt zu organisieren, Gruppen zu involvieren, Geld aufzustellen, Infomaterial zu produzieren. \u00dcber vielf\u00e4ltigste Beteiligung, auch nur in einzelnen Bereichen, freut sich die MAYDAY 14.<\/p>\n<p>1. Treffen am 13.3.14, um 18:30 in der d3zentr4le (Akademie Bildende K\u00fcnste Wien, Schillerplatz 1-3, Raum e4 \u2013 N\u00e4he U4 Karlsplatz).<br \/>\nMehr zur MAYDAY 14 findet ihr (in K\u00fcrze) unter der Webseite: http:\/\/mayday-wien.org<br \/>\nBitte schickt diese Einladung an euch bekannte Listen und Personen!<\/p>\n","protected":false},"excerpt":{"rendered":"<p>MAYDAY 14 \u2013 vorbereitungstreffen: Seit Jahren bieten die MAYDAY-Paraden einen fixen Bezugspunkt f\u00fcr Menschen die sich mit verschiedenen Aspekten prek\u00e4ren Lebens auseinandersetzen und davon betroffen sind. Durch das gemeinsame Raumnehmen mit der Demonstration\/Parade am Nachmittag des ersten Mai zeigen wir diese oft unsichtbaren Unsicherheiten auf. Klar ist, dieses Ereignis organisiert sich nicht von selbst. Auch &hellip; <\/p>\n<p class=\"link-more\"><a href=\"https:\/\/mayday.jetzt\/index.php\/2014\/03\/06\/mayday-14-vorbereitungstreffen\/\" class=\"more-link\"><span class=\"screen-reader-text\">\u201eMAYDAY 14 \u2013 vorbereitungstreffen\u201c<\/span> weiterlesen<\/a><\/p>\n","protected":false},"author":2,"featured_media":0,"comment_status":"closed","ping_status":"open","sticky":false,"template":"","format":"standard","meta":{"footnotes":""},"categories":[1,5],"tags":[],"class_list":["post-489","post","type-post","status-publish","format-standard","hentry","category-allgemein","category-termine","entry"],"_links":{"self":[{"href":"https:\/\/mayday.jetzt\/index.php\/wp-json\/wp\/v2\/posts\/489","targetHints":{"allow":["GET"]}}],"collection":[{"href":"https:\/\/mayday.jetzt\/index.php\/wp-json\/wp\/v2\/posts"}],"about":[{"href":"https:\/\/mayday.jetzt\/index.php\/wp-json\/wp\/v2\/types\/post"}],"author":[{"embeddable":true,"href":"https:\/\/mayday.jetzt\/index.php\/wp-json\/wp\/v2\/users\/2"}],"replies":[{"embeddable":true,"href":"https:\/\/mayday.jetzt\/index.php\/wp-json\/wp\/v2\/comments?post=489"}],"version-history":[{"count":0,"href":"https:\/\/mayday.jetzt\/index.php\/wp-json\/wp\/v2\/posts\/489\/revisions"}],"wp:attachment":[{"href":"https:\/\/mayday.jetzt\/index.php\/wp-json\/wp\/v2\/media?parent=489"}],"wp:term":[{"taxonomy":"category","embeddable":true,"href":"https:\/\/mayday.jetzt\/index.php\/wp-json\/wp\/v2\/categories?post=489"},{"taxonomy":"post_tag","embeddable":true,"href":"https:\/\/mayday.jetzt\/index.php\/wp-json\/wp\/v2\/tags?post=489"}],"curies":[{"name":"wp","href":"https:\/\/api.w.org\/{rel}","templated":true}]}}