{"id":410,"date":"2013-03-06T22:29:09","date_gmt":"2013-03-06T22:29:09","guid":{"rendered":"http:\/\/mayday-wien.org\/?p=410"},"modified":"2013-03-06T22:29:09","modified_gmt":"2013-03-06T22:29:09","slug":"mayday-2013-vorbereitungstreffen","status":"publish","type":"post","link":"https:\/\/mayday.jetzt\/index.php\/2013\/03\/06\/mayday-2013-vorbereitungstreffen\/","title":{"rendered":"MAYDAY 2013 &#8211; Vorbereitungstreffen"},"content":{"rendered":"<p>Einige Leute werden sich zur Vorbereitung der MAYDAY 13<br \/>\nam Donnerstag den 14.03. um 19h auf der Akademie der Bildenden K\u00fcnste Wien \/ Schillerplatz 1 \/ \u00d6H B\u00fcro (E5)<br \/>\ntreffen.<\/p>\n<p>Wir freuen uns auf alle die kommen und mitwirken wollen!<\/p>\n<p>Liebe Gr\u00fc\u00dfe<\/p>\n<p> -&gt; einige aus unterschiedlichen Projekten, Kontexten und R\u00e4umen&#8230;<\/p>\n","protected":false},"excerpt":{"rendered":"<p>Einige Leute werden sich zur Vorbereitung der MAYDAY 13 am Donnerstag den 14.03. um 19h auf der Akademie der Bildenden K\u00fcnste Wien \/ Schillerplatz 1 \/ \u00d6H B\u00fcro (E5) treffen. Wir freuen uns auf alle die kommen und mitwirken wollen! Liebe Gr\u00fc\u00dfe -&gt; einige aus unterschiedlichen Projekten, Kontexten und R\u00e4umen&#8230;<\/p>\n","protected":false},"author":2,"featured_media":0,"comment_status":"closed","ping_status":"open","sticky":false,"template":"","format":"standard","meta":{"footnotes":""},"categories":[5],"tags":[],"class_list":["post-410","post","type-post","status-publish","format-standard","hentry","category-termine","entry"],"_links":{"self":[{"href":"https:\/\/mayday.jetzt\/index.php\/wp-json\/wp\/v2\/posts\/410","targetHints":{"allow":["GET"]}}],"collection":[{"href":"https:\/\/mayday.jetzt\/index.php\/wp-json\/wp\/v2\/posts"}],"about":[{"href":"https:\/\/mayday.jetzt\/index.php\/wp-json\/wp\/v2\/types\/post"}],"author":[{"embeddable":true,"href":"https:\/\/mayday.jetzt\/index.php\/wp-json\/wp\/v2\/users\/2"}],"replies":[{"embeddable":true,"href":"https:\/\/mayday.jetzt\/index.php\/wp-json\/wp\/v2\/comments?post=410"}],"version-history":[{"count":0,"href":"https:\/\/mayday.jetzt\/index.php\/wp-json\/wp\/v2\/posts\/410\/revisions"}],"wp:attachment":[{"href":"https:\/\/mayday.jetzt\/index.php\/wp-json\/wp\/v2\/media?parent=410"}],"wp:term":[{"taxonomy":"category","embeddable":true,"href":"https:\/\/mayday.jetzt\/index.php\/wp-json\/wp\/v2\/categories?post=410"},{"taxonomy":"post_tag","embeddable":true,"href":"https:\/\/mayday.jetzt\/index.php\/wp-json\/wp\/v2\/tags?post=410"}],"curies":[{"name":"wp","href":"https:\/\/api.w.org\/{rel}","templated":true}]}}