{"id":375,"date":"2012-04-27T13:41:44","date_gmt":"2012-04-27T13:41:44","guid":{"rendered":"http:\/\/mayday-wien.org\/?p=375"},"modified":"2012-04-27T13:41:44","modified_gmt":"2012-04-27T13:41:44","slug":"mayday-12-fur-ein-ende-der-sozialen-entsicherung","status":"publish","type":"post","link":"https:\/\/mayday.jetzt\/index.php\/2012\/04\/27\/mayday-12-fur-ein-ende-der-sozialen-entsicherung\/","title":{"rendered":"MAYDAY 12 &#8211; f\u00fcr ein Ende der sozialen Entsicherung"},"content":{"rendered":"<p>_______\/ AUFRUF zur MayDay-Parade 012 in Wien<\/p>\n<p>__\/ Kulturrat \u00d6sterreich fordert ein Ende der Politik der sozialen Entsicherung.<br \/>\n__\/ Her mit dem sch\u00f6nen Leben!<\/p>\n<p>_______\/ http:\/\/kulturrat.at<br \/>\n_______\/ http:\/\/mayday-wien.org<\/p>\n<p>MAYDAY! Wien 012 &#8211; Parade der Prek\u00e4ren<\/p>\n<p>__\/ Treffpunkt: 1. Mai, 14 Uhr, Bruno Kreisky Park (bei U4 Margareteng\u00fcrtel, 1050 Wien)<br \/>\n__\/ Endpunkt der Parade und Weiterfeiern: Stra\u00dfenfest in der Heinestra\u00dfe\/M\u00fchlfeldgasse (1020 Wien)<\/p>\n<p>Am 1. Mai findet in Wien erneut eine MayDay-Parade statt. Anl\u00e4sse gibt es genug &#8211; auch im Feld der Kunst-, Kultur- und Medienschaffenden.<\/p>\n<p>Prek\u00e4re soziale Absicherungen bestimmen ebenso wie Mobilit\u00e4tsbarrieren in bzw. nach EUropa seit Jahren den Alltag: Wann kommt das n\u00e4chste bezahlte Projekt? Verdiene ich genug, um meine Aufenthaltspapiere nicht zu verlieren? Warum habe ich keinen Anspruch auf Arbeitslosengeld? Kann ich mich wenigstens vor einer R\u00fcckforderung durch den K\u00fcnstler*Innensozialversicherungsfonds retten? Wovon zahle ich n\u00e4chsten Monat meine Miete? Wer betreut die Kinder bei der n\u00e4chsten Lesung, Premiere oder Vernissage? Und wann schl\u00e4gt sich das symbolische Kapital endlich auf dem Konto nieder? Die unsichere Zukunft stellt l\u00e4ngst nicht ein Problem Einzelner dar, sondern ist Teil prek\u00e4rer Alltagsrealit\u00e4ten.<\/p>\n<p>Kleine Verbesserungen im Gef\u00fcge der sozialen Absicherung hinken regelm\u00e4\u00dfig neuen Anschl\u00e4gen auf die soziale Lage hinterher. Es ist<br \/>\nl\u00e4ngst an der Zeit f\u00fcr gro\u00dfe Schritte:<\/p>\n<p>F\u00fcr eine Entkopplung von Einkommen und Erwerbsarbeit! Bedingungsloses Grundeinkommen f\u00fcr alle! Bleiberecht jetzt! Der Politik der Rechten das Wasser abgraben statt best\u00e4ndiges Zuarbeiten!<\/p>\n","protected":false},"excerpt":{"rendered":"<p>_______\/ AUFRUF zur MayDay-Parade 012 in Wien __\/ Kulturrat \u00d6sterreich fordert ein Ende der Politik der sozialen Entsicherung. __\/ Her mit dem sch\u00f6nen Leben! _______\/ http:\/\/kulturrat.at _______\/ http:\/\/mayday-wien.org MAYDAY! Wien 012 &#8211; Parade der Prek\u00e4ren __\/ Treffpunkt: 1. Mai, 14 Uhr, Bruno Kreisky Park (bei U4 Margareteng\u00fcrtel, 1050 Wien) __\/ Endpunkt der Parade und Weiterfeiern: &hellip; <\/p>\n<p class=\"link-more\"><a href=\"https:\/\/mayday.jetzt\/index.php\/2012\/04\/27\/mayday-12-fur-ein-ende-der-sozialen-entsicherung\/\" class=\"more-link\"><span class=\"screen-reader-text\">\u201eMAYDAY 12 &#8211; f\u00fcr ein Ende der sozialen Entsicherung\u201c<\/span> weiterlesen<\/a><\/p>\n","protected":false},"author":2,"featured_media":0,"comment_status":"closed","ping_status":"open","sticky":false,"template":"","format":"standard","meta":{"footnotes":""},"categories":[1,6],"tags":[10,12,17,18,28,36,41,42],"class_list":["post-375","post","type-post","status-publish","format-standard","hentry","category-allgemein","category-texte","tag-absicherung","tag-aufenhaltstitel","tag-bedingungsloses-grundeinkommen","tag-bezahlung","tag-gegen-rechts","tag-mayday","tag-miete","tag-mobilitat","entry"],"_links":{"self":[{"href":"https:\/\/mayday.jetzt\/index.php\/wp-json\/wp\/v2\/posts\/375","targetHints":{"allow":["GET"]}}],"collection":[{"href":"https:\/\/mayday.jetzt\/index.php\/wp-json\/wp\/v2\/posts"}],"about":[{"href":"https:\/\/mayday.jetzt\/index.php\/wp-json\/wp\/v2\/types\/post"}],"author":[{"embeddable":true,"href":"https:\/\/mayday.jetzt\/index.php\/wp-json\/wp\/v2\/users\/2"}],"replies":[{"embeddable":true,"href":"https:\/\/mayday.jetzt\/index.php\/wp-json\/wp\/v2\/comments?post=375"}],"version-history":[{"count":0,"href":"https:\/\/mayday.jetzt\/index.php\/wp-json\/wp\/v2\/posts\/375\/revisions"}],"wp:attachment":[{"href":"https:\/\/mayday.jetzt\/index.php\/wp-json\/wp\/v2\/media?parent=375"}],"wp:term":[{"taxonomy":"category","embeddable":true,"href":"https:\/\/mayday.jetzt\/index.php\/wp-json\/wp\/v2\/categories?post=375"},{"taxonomy":"post_tag","embeddable":true,"href":"https:\/\/mayday.jetzt\/index.php\/wp-json\/wp\/v2\/tags?post=375"}],"curies":[{"name":"wp","href":"https:\/\/api.w.org\/{rel}","templated":true}]}}