{"id":346,"date":"2012-04-13T15:58:59","date_gmt":"2012-04-13T15:58:59","guid":{"rendered":"http:\/\/mayday-wien.org\/?p=346"},"modified":"2012-04-13T15:58:59","modified_gmt":"2012-04-13T15:58:59","slug":"mayday-2012","status":"publish","type":"post","link":"https:\/\/mayday.jetzt\/index.php\/2012\/04\/13\/mayday-2012\/","title":{"rendered":"MAYDAY 2012"},"content":{"rendered":"<p>auch 2012 gibt es die MAYDAY-Parade;<\/p>\n<p>Treffpunkt 1.Mai 14h Bruno-Kreisky Park<\/p>\n<p><img decoding=\"async\" src=\"http:\/\/mayday-wien.org\/wp-content\/uploads\/2012\/04\/mayday12.gif\" alt=\"\" \/><br \/>\n&nbsp;<br \/>\n&gt;&gt;&gt; Infomaterial (Flyer, Plakate) liegt u.a. im Kaleidoskop (Sch\u00f6nbrunnerstra\u00dfe 91), im PerpetuuMobile 2.3 (Geibelgasse 23), \u00d6H Akademie der BildendenK\u00fcnste (Schillerplatz 2) sowie auf der W23 (Wipplingerstra\u00dfe 23)<br \/>\n&gt;&gt;&gt; wir freuen uns \u00fcber mithilfe beim Verteilen!!<\/p>\n<p>dazu gibt es auch noch Vorbereitungstreffen &#8211; beteiligen ist m\u00f6glich und erw\u00fcnscht!<\/p>\n<p>vorbereitungstreffen #5 https:\/\/at.indymedia.org\/node\/22723<\/p>\n<p><img decoding=\"async\" src=\"http:\/\/mayday-wien.org\/wp-content\/uploads\/2012\/04\/MaydayPlakatFINISHwith_sticker1-2.gif\" alt=\"\" \/><br \/>\n1. MAI * 14h * MAYDAY-Parade in Wien<br \/>\nGestern standen wir noch vor dem Abgrund, heute sind wir schon einen Schritt weiter!<\/p>\n<p>?? PREK\u00c4R ARBEITEN ?? PREK\u00c4R LEBEN??<\/p>\n<p>*** Treffpunkt: Bruno Kreisky Park (bei U4 Margareteng\u00fcrtel, 1050 Wien)<br \/>\n*** Endpunkt der Parade und Weiterfeiern: Stra\u00dfenfest in der Heinestra\u00dfe (1020 Wien) <\/p>\n<p>Die j\u00e4hrliche MAYDAY-Parade steht vor der T\u00fcre. Der 1. Mai wird wieder zum Anlass genommen, um lustvoll und gemeinschaftlich die Stra\u00dfen Wiens zu erobern. Prekarisierung wird dabei anhand verschiedener Stationen w\u00e4hrend der Parade thematisiert.<\/p>\n<p>Wir wollen aufzeigen, dass viele verschiedene Menschen in unterschiedlichen Lebenslagen von prek\u00e4ren Verh\u00e4ltnissen betroffen sind. Dabei steht das Nicht-arbeiten-d\u00fcrfen von Asylwerbenden neben den niedrigen L\u00f6hnen von Supermarktarbeiter*innen, den unsicheren Werkvertr\u00e4gen von Medien- und Kulturarbeiter*innen. Kritischen Projekten, Versuchen der Raumnahme und politischer Bewegung weht einmal mehr der raue Wind des r\u00fcckl\u00e4ufigen Staates entgegen. Flei\u00dfig werden soziale Rechte abgebaut, wird gek\u00fcrzt, privatisiert, ger\u00e4umt, gepr\u00fcgelt, abgeschoben und weggesperrt. Durch die sich zuspitzende Krisendynamik des Kapitalismus soll Konkurrenz und Neid gesch\u00fcrt werden, um davon abzulenken, dass es l\u00e4ngst zu viele Menschen, f\u00fcr zu wenig Lohnarbeit gibt. So ganz nebenbei steigen die Preise von allem, das mit Grundbed\u00fcrfnissen (Mieten, Energiekosten, Nahrungsmittel) verbunden ist. Gleichzeitig macht sich ein Abnehmen sozialer Absicherungen bemerkbar.<\/p>\n<p>Das ist nicht das gute Leben wie wir es uns vorstellen! Lasst und vernetzen, tanzen und tr\u00e4umen. Finden wir Wege und M\u00f6glichkeiten, um uns zu organisieren. Setzen wir dem Wahnsinn unsere Utopie und praktischen Widerstand entgegen.<\/p>\n<p>!! PREK\u00c4R K\u00c4MPFEN !! PREK\u00c4R TANZEN !! <\/p>\n<p>*** Programm am Treffpunkt im Bruno-Kreisky Park:<\/p>\n<p>Infotische:Infomaden, Kaleidoskop\/KuKuMA<\/p>\n<p>Konzert:<br \/>\n&#8222;Zaubernuss&#8220;<br \/>\nzaubernuss z\u00fcchtet auf nachhaltige und gesellschaftskritische art und weise biologisches liedgut und literarische kopfpflanzengeflechte. auf einem fragilen und dennoch robusten gitarrenspalier klettern die texte ins nirgends oder ans ziel. manchmal wissen sie wohin, manchmal wissen sie wo nicht hin. dabei nehmen die musikalischen ausformungen die verschiedensten klangmomente an und pr\u00e4sentieren sich ernsthaft lustig und gleichzeitig meistens sch\u00f6n.<br \/>\nhttp:\/\/zaubernuss.at\/<\/p>\n<p>&#8222;OKMA&amp;RELUPS&#8220;<br \/>\nIm J\u00e4nner 2006 haben der Rapper OKMA (Markus Samek) &amp; der Produzent RELUPS (Robert Duda) begonnen gemeinsam zu musizieren und aufzutreten, so auch im TV und Radio, wie auch Interviews in Zeitungen und Magazinen. 2009 wurde das erste Album \u00bbmusikreise\u00ab fertiggestellt und dazu die gleichnamige Deutschlandtour gemacht. Im Jahre 2011 wurde die Singel \u00bbDie OKMAttacke\u00ab auf dem Hamburger Label \u201eAudiolith Records\u201c ver\u00f6ffentlicht und 2012 kommt das zweite Album &#8222;MultiKulti&#8220;.<br \/>\nAuf der B\u00fchnen sind sie zu dritt und OKMA rockt mit tanzbarer und kritischer Musik zwischen Elektro und Rap.<\/p>\n","protected":false},"excerpt":{"rendered":"<p>auch 2012 gibt es die MAYDAY-Parade; Treffpunkt 1.Mai 14h Bruno-Kreisky Park &nbsp; &gt;&gt;&gt; Infomaterial (Flyer, Plakate) liegt u.a. im Kaleidoskop (Sch\u00f6nbrunnerstra\u00dfe 91), im PerpetuuMobile 2.3 (Geibelgasse 23), \u00d6H Akademie der BildendenK\u00fcnste (Schillerplatz 2) sowie auf der W23 (Wipplingerstra\u00dfe 23) &gt;&gt;&gt; wir freuen uns \u00fcber mithilfe beim Verteilen!! dazu gibt es auch noch Vorbereitungstreffen &#8211; beteiligen &hellip; <\/p>\n<p class=\"link-more\"><a href=\"https:\/\/mayday.jetzt\/index.php\/2012\/04\/13\/mayday-2012\/\" class=\"more-link\"><span class=\"screen-reader-text\">\u201eMAYDAY 2012\u201c<\/span> weiterlesen<\/a><\/p>\n","protected":false},"author":2,"featured_media":0,"comment_status":"closed","ping_status":"open","sticky":false,"template":"","format":"standard","meta":{"footnotes":""},"categories":[1],"tags":[7,9,11,20,27,31,32,34,38,39,43,48,60,63],"class_list":["post-346","post","type-post","status-publish","format-standard","hentry","category-allgemein","tag-prekar-arbeiten-prekar-leben","tag-9","tag-ams","tag-bruno-kreisky-park","tag-funkhaus","tag-kapitalismus","tag-karlsplatz","tag-krise","tag-mayday-2012","tag-mayday12","tag-okmarrelups","tag-prekar","tag-vorbereitungstreffen","tag-zaubernuss","entry"],"_links":{"self":[{"href":"https:\/\/mayday.jetzt\/index.php\/wp-json\/wp\/v2\/posts\/346","targetHints":{"allow":["GET"]}}],"collection":[{"href":"https:\/\/mayday.jetzt\/index.php\/wp-json\/wp\/v2\/posts"}],"about":[{"href":"https:\/\/mayday.jetzt\/index.php\/wp-json\/wp\/v2\/types\/post"}],"author":[{"embeddable":true,"href":"https:\/\/mayday.jetzt\/index.php\/wp-json\/wp\/v2\/users\/2"}],"replies":[{"embeddable":true,"href":"https:\/\/mayday.jetzt\/index.php\/wp-json\/wp\/v2\/comments?post=346"}],"version-history":[{"count":0,"href":"https:\/\/mayday.jetzt\/index.php\/wp-json\/wp\/v2\/posts\/346\/revisions"}],"wp:attachment":[{"href":"https:\/\/mayday.jetzt\/index.php\/wp-json\/wp\/v2\/media?parent=346"}],"wp:term":[{"taxonomy":"category","embeddable":true,"href":"https:\/\/mayday.jetzt\/index.php\/wp-json\/wp\/v2\/categories?post=346"},{"taxonomy":"post_tag","embeddable":true,"href":"https:\/\/mayday.jetzt\/index.php\/wp-json\/wp\/v2\/tags?post=346"}],"curies":[{"name":"wp","href":"https:\/\/api.w.org\/{rel}","templated":true}]}}