{"id":261,"date":"2011-04-01T14:05:30","date_gmt":"2011-04-01T14:05:30","guid":{"rendered":"http:\/\/mayday-wien.org\/?p=261"},"modified":"2011-04-01T14:05:30","modified_gmt":"2011-04-01T14:05:30","slug":"mayday-mayday-wir-sind-parade","status":"publish","type":"post","link":"https:\/\/mayday.jetzt\/index.php\/2011\/04\/01\/mayday-mayday-wir-sind-parade\/","title":{"rendered":"MAYDAY! MAYDAY! Wir sind Parade!"},"content":{"rendered":"<h3 id=\"l2\"><strong>13. April, 20 Uhr:\u00a0Diskussion mit MAYDAY!-Aktivist*innen\u00a0@ <a href=\"http:\/\/raw.at\/queer\/programm\/apr2011.htm\" target=\"_blank\">que[e]r, Wipplingerstra\u00dfe 23<\/a><\/strong><\/h3>\n<h3><span style=\"font-size: 13px;font-weight: normal\">Wir pfeifen auf die Karotte vor der Nase, die das sch\u00f6ne Leben versprechen soll. Wir sagen der Entsicherung der Lebens- und Arbeitsverh\u00e4ltnisse den Kampf an. Am 1. Mai findet daher auch in Wien wieder eine MAYDAY!-Parade statt. Denn: Noch zu warten ist Wahnsinn! So lautet auch der Titel eines eigens zur Mobilisierung gedrehten Musikvideos, in dem eine Gang von prek\u00e4ren Aktivist*innen durch Wien zieht. Prek\u00e4r k\u00e4mpfen und prek\u00e4r tanzen statt prek\u00e4r arbeiten und prek\u00e4r leben ist schlie\u00dflich schon l\u00e4nger eine Devise der Mayday-Paraden, die sich in den letzten zehn Jahren von Milano ausgehend vor allem in Europa, aber auch dar\u00fcber hinaus ausgebreitet haben. Wie aber sieht&#8217;s im eigenen Alltag aus? Musst du, darfst du, willst du&#8230; arbeiten? Wie wohnst du? Hast du Freizeit? Wovon lebst du 2039? Wie machen wir der Prekarisierung gemeinsam einen Strich durch die Rechnung?<\/span><\/h3>\n<p>&nbsp;<\/p>\n<p>&nbsp;<\/p>\n","protected":false},"excerpt":{"rendered":"<p>13. April, 20 Uhr:\u00a0Diskussion mit MAYDAY!-Aktivist*innen\u00a0@ que[e]r, Wipplingerstra\u00dfe 23 Wir pfeifen auf die Karotte vor der Nase, die das sch\u00f6ne Leben versprechen soll. Wir sagen der Entsicherung der Lebens- und Arbeitsverh\u00e4ltnisse den Kampf an. Am 1. Mai findet daher auch in Wien wieder eine MAYDAY!-Parade statt. Denn: Noch zu warten ist Wahnsinn! So lautet auch &hellip; <\/p>\n<p class=\"link-more\"><a href=\"https:\/\/mayday.jetzt\/index.php\/2011\/04\/01\/mayday-mayday-wir-sind-parade\/\" class=\"more-link\"><span class=\"screen-reader-text\">\u201eMAYDAY! MAYDAY! Wir sind Parade!\u201c<\/span> weiterlesen<\/a><\/p>\n","protected":false},"author":2,"featured_media":0,"comment_status":"closed","ping_status":"open","sticky":false,"template":"","format":"standard","meta":{"footnotes":""},"categories":[1,5],"tags":[],"class_list":["post-261","post","type-post","status-publish","format-standard","hentry","category-allgemein","category-termine","entry"],"_links":{"self":[{"href":"https:\/\/mayday.jetzt\/index.php\/wp-json\/wp\/v2\/posts\/261","targetHints":{"allow":["GET"]}}],"collection":[{"href":"https:\/\/mayday.jetzt\/index.php\/wp-json\/wp\/v2\/posts"}],"about":[{"href":"https:\/\/mayday.jetzt\/index.php\/wp-json\/wp\/v2\/types\/post"}],"author":[{"embeddable":true,"href":"https:\/\/mayday.jetzt\/index.php\/wp-json\/wp\/v2\/users\/2"}],"replies":[{"embeddable":true,"href":"https:\/\/mayday.jetzt\/index.php\/wp-json\/wp\/v2\/comments?post=261"}],"version-history":[{"count":0,"href":"https:\/\/mayday.jetzt\/index.php\/wp-json\/wp\/v2\/posts\/261\/revisions"}],"wp:attachment":[{"href":"https:\/\/mayday.jetzt\/index.php\/wp-json\/wp\/v2\/media?parent=261"}],"wp:term":[{"taxonomy":"category","embeddable":true,"href":"https:\/\/mayday.jetzt\/index.php\/wp-json\/wp\/v2\/categories?post=261"},{"taxonomy":"post_tag","embeddable":true,"href":"https:\/\/mayday.jetzt\/index.php\/wp-json\/wp\/v2\/tags?post=261"}],"curies":[{"name":"wp","href":"https:\/\/api.w.org\/{rel}","templated":true}]}}